{"id":191539,"date":"2023-06-19T12:42:24","date_gmt":"2023-06-19T10:42:24","guid":{"rendered":"https:\/\/powernews.cc\/?p=191539"},"modified":"2023-06-19T12:42:49","modified_gmt":"2023-06-19T10:42:49","slug":"industriel-ing-emad-el-sewedy-parle-de-lecole-internationale-el-sewedy-de-technologie-appliquee-et-de-logiciels-et-de-ce-que-la-premiere-dame-americaine-a-dit-lors-de-sa-visite","status":"publish","type":"post","link":"https:\/\/powernews.cc\/?p=191539","title":{"rendered":"Industriel, ing. Emad El Sewedy, parle de l&#8217;\u00e9cole internationale El Sewedy de technologie appliqu\u00e9e et de logiciels, et de ce que la premi\u00e8re dame am\u00e9ricaine a dit lors de sa visite"},"content":{"rendered":"<p style=\"text-align: left\"><span style=\"font-size: 14pt\"><strong>Il y a quelques jours, la Premi\u00e8re Dame am\u00e9ricaine, le Dr Jill Biden, s&#8217;est rendue en \u00c9gypte. Ce qui a attir\u00e9 l&#8217;attention de la plupart des observateurs lors de la visite officielle de la Premi\u00e8re Dame des \u00c9tats-Unis en \u00c9gypte, c&#8217;est le fait qu&#8217;\u00e0 son ordre du jour figurait une visite \u00e0 l&#8217; \u00c9cole internationale de technologie appliqu\u00e9e et de logiciel El Sewedy , le Dr Biden y consacrant gracieusement une heure enti\u00e8re de son temps. (au lieu des 15 minutes pr\u00e9vues) pour parler aux \u00e9l\u00e8ves, enseignants et administrateurs de l&#8217;\u00e9cole.<\/strong><\/span><\/p>\n<p style=\"text-align: left\"><span style=\"font-size: 14pt\"><strong>Le temps pass\u00e9 \u00e0 l&#8217;\u00e9cole refl\u00e8te la fa\u00e7on dont le monde per\u00e7oit la science et la technologie et reconna\u00eet son importance. La Premi\u00e8re Dame des \u00c9tats-Unis a \u00e9galement \u00e9crit un message inspirant aux \u00e9l\u00e8ves de l&#8217;\u00e9cole disant : \u00ab Vous \u00eates tous \u00e9blouissants \u00bb signifiant l&#8217;importance de croire et d&#8217;investir dans notre jeunesse.<\/strong><\/span><\/p>\n<p style=\"text-align: left\"><span style=\"font-size: 14pt\"><strong><span style=\"color: #ff0000\"><em>El Sewedy : L&#8217;\u00e9cole offre son service \u00e9ducatif sous la forme d&#8217;une bourse enti\u00e8rement financ\u00e9e aux \u00e9tudiants qui d\u00e9montrent une ma\u00eetrise exceptionnelle de l&#8217;anglais et des math\u00e9matiques sous r\u00e9serve de l&#8217;acceptation du minist\u00e8re de l&#8217;\u00c9ducation.<\/em><\/span><\/strong><\/span><\/p>\n<p style=\"text-align: left\"><span style=\"font-size: 14pt\"><strong><img loading=\"lazy\" decoding=\"async\" class=\"alignnone size-full wp-image-191563\" src=\"https:\/\/powernews.cc\/wp-content\/uploads\/2023\/06\/7cba5f4e-d0e6-4781-84d9-f74d696cea74-scaled.jpg\" alt=\"\" width=\"533\" height=\"400\" srcset=\"https:\/\/powernews.cc\/wp-content\/uploads\/2023\/06\/7cba5f4e-d0e6-4781-84d9-f74d696cea74-scaled.jpg?v=1687171183 533w, https:\/\/powernews.cc\/wp-content\/uploads\/2023\/06\/7cba5f4e-d0e6-4781-84d9-f74d696cea74-300x225.jpg?v=1687171183 300w, https:\/\/powernews.cc\/wp-content\/uploads\/2023\/06\/7cba5f4e-d0e6-4781-84d9-f74d696cea74-768x576.jpg?v=1687171183 768w, https:\/\/powernews.cc\/wp-content\/uploads\/2023\/06\/7cba5f4e-d0e6-4781-84d9-f74d696cea74-45x35.jpg?v=1687171183 45w\" sizes=\"(max-width: 533px) 100vw, 533px\" \/><\/strong><\/span><\/p>\n<p>&nbsp;<\/p>\n<p style=\"text-align: left\"><span style=\"font-size: 14pt\"><strong>La visite a \u00e9galement \u00e9t\u00e9 une excellente occasion pour les \u00e9tudiants de pr\u00e9senter certaines de leurs id\u00e9es innovantes d&#8217;applications logicielles au Dr Jill Biden, y compris une application appel\u00e9e ( Salahly ) qui offre des services de maintenance fiables \u00e0 ses utilisateurs ainsi qu&#8217;une autre application r\u00e9pondant aux besoins de les malentendants en les aidant dans leur communication quotidienne.<\/strong><\/span><\/p>\n<p style=\"text-align: left\"><span style=\"font-size: 14pt\"><strong><span style=\"color: #ff0000\"><em>El Sewedy : Notre objectif est d&#8217;offrir ce que nous appr\u00e9cions le plus en tant qu&#8217;industriels, et c&#8217;est sans aucun doute la capacit\u00e9 de recherche et d\u00e9veloppement. Et cela n&#8217;aurait pas \u00e9t\u00e9 possible sans le soutien du minist\u00e8re de l&#8217;\u00c9ducation, qui a offert tout son soutien pour surmonter tous les obstacles.<\/em><\/span><\/strong><\/span><\/p>\n<p style=\"text-align: left\"><span style=\"font-size: 14pt\"><strong><img loading=\"lazy\" decoding=\"async\" class=\"alignnone size-full wp-image-191565\" src=\"https:\/\/powernews.cc\/wp-content\/uploads\/2023\/06\/701f722d-08e2-4459-ab4e-6b3bee363679-scaled.jpg\" alt=\"\" width=\"533\" height=\"400\" srcset=\"https:\/\/powernews.cc\/wp-content\/uploads\/2023\/06\/701f722d-08e2-4459-ab4e-6b3bee363679-scaled.jpg?v=1687171195 533w, https:\/\/powernews.cc\/wp-content\/uploads\/2023\/06\/701f722d-08e2-4459-ab4e-6b3bee363679-300x225.jpg?v=1687171195 300w, https:\/\/powernews.cc\/wp-content\/uploads\/2023\/06\/701f722d-08e2-4459-ab4e-6b3bee363679-768x576.jpg?v=1687171195 768w, https:\/\/powernews.cc\/wp-content\/uploads\/2023\/06\/701f722d-08e2-4459-ab4e-6b3bee363679-45x35.jpg?v=1687171195 45w\" sizes=\"(max-width: 533px) 100vw, 533px\" \/><\/strong><\/span><\/p>\n<p style=\"text-align: left\"><span style=\"font-size: 14pt\"><strong>El Sewedy International School of Applied Technology and Software, qui est affili\u00e9e au groupe El Sewedy Electrometer, ainsi que d&#8217;autres \u00e9coles internationales de technologie appliqu\u00e9e nouvellement cr\u00e9\u00e9es dans 7 gouvernorats conform\u00e9ment aux meilleures normes et pratiques internationales gr\u00e2ce \u00e0 une coop\u00e9ration strat\u00e9gique avec l&#8217;Agence des \u00c9tats-Unis pour International Development (USAID), repr\u00e9sentent un phare brillant dans le syst\u00e8me \u00e9ducatif \u00e9gyptien car ils renforcent le r\u00f4le de l&#8217;enseignement technique pour parvenir \u00e0 un d\u00e9veloppement industriel global et durable en \u00c9gypte. Le but de ces \u00e9coles est de mettre l&#8217;accent sur le d\u00e9veloppement du secteur de l&#8217;enseignement technique et de la formation professionnelle conform\u00e9ment aux besoins du march\u00e9 du travail, dans le but d&#8217;augmenter consid\u00e9rablement la productivit\u00e9, de renforcer l&#8217;\u00e9conomie \u00e9gyptienne, de diriger le d\u00e9veloppement et la construction. vers de nouveaux sommets et, surtout, \u00e9lever le niveau de vie des citoyens ordinaires.<\/strong><\/span><\/p>\n<p style=\"text-align: left\"><span style=\"font-size: 14pt\"><strong>Power News a rencontr\u00e9 Eng. Emad El Sewedy , pr\u00e9sident et chef de la direction du groupe El Sewedy Electrometer, qui a d\u00e9crit comment l&#8217;id\u00e9e de cr\u00e9er l&#8217;\u00e9cole est n\u00e9e et ce que les fondateurs esp\u00e8rent r\u00e9aliser avec cette initiative. M. El Sewedy a d\u00e9clar\u00e9 que le gouvernement \u00e9gyptien a toujours encourag\u00e9 le secteur priv\u00e9 \u00e0 participer \u00e0 l&#8217;enseignement technique, cependant, dans le pass\u00e9, il se limitait \u00e0 former des techniciens dipl\u00f4m\u00e9s sur les cha\u00eenes de production dans les usines. Il a expliqu\u00e9 que les fondateurs voulaient faire quelque chose de diff\u00e9rent et offrir ce qu&#8217;ils appr\u00e9cient le plus en tant qu&#8217;industriels, c&#8217;est-\u00e0-dire sans aucun doute la capacit\u00e9 de recherche et d\u00e9veloppement.<\/strong><\/span><\/p>\n<p style=\"text-align: left\"><span style=\"font-size: 14pt\"><strong>Il a soulign\u00e9 que le plus grand besoin sur le march\u00e9 \u00e0 l&#8217;heure actuelle est celui de techniciens et d&#8217;ing\u00e9nieurs qualifi\u00e9s sp\u00e9cialis\u00e9s dans les domaines de la conception et de la programmation. \u00c0 cette fin, El Sewedy a sollicit\u00e9 l&#8217;aide d&#8217;experts de la Facult\u00e9 d&#8217;ing\u00e9nierie lors de la cr\u00e9ation de leur \u00e9cole dirig\u00e9e par le Dr Mohamed Abdelwahab , professeur d&#8217;informatique et de syst\u00e8mes d&#8217;information \u00e0 l&#8217;Universit\u00e9 du Caire. La strat\u00e9gie mise en place impliquait que l&#8217;\u00e9cole puisse dipl\u00f4mer ses \u00e9tudiants en tant que d\u00e9veloppeurs de logiciels comp\u00e9tents dans un d\u00e9lai de 3 ans apr\u00e8s la fin de leur formation pr\u00e9paratoire. Cette strat\u00e9gie a \u00e9t\u00e9 pr\u00e9sent\u00e9e et coordonn\u00e9e avec le vice-ministre de l&#8217;\u00e9ducation, le Dr Mohamed Megahed et le Dr Amr Basila , chef de l&#8217;unit\u00e9 de technologie appliqu\u00e9e au minist\u00e8re de l&#8217;\u00c9ducation.<\/strong><\/span><\/p>\n<p style=\"text-align: left\"><span style=\"font-size: 14pt\"><strong>El Sewedy a ajout\u00e9 que le concept \u00e9tait largement accept\u00e9 par les responsables du minist\u00e8re de l&#8217;\u00c9ducation, mais qu&#8217;il y avait une certaine appr\u00e9hension quant \u00e0 savoir si l&#8217;id\u00e9e pouvait r\u00e9ellement \u00eatre mise en \u0153uvre. Cependant, cela n&#8217;a dissuad\u00e9 aucune des parties impliqu\u00e9es et une fois l&#8217;accord entre le minist\u00e8re de l&#8217;\u00c9ducation, le Egypt Manpower Project financ\u00e9 par l&#8217;Agence des \u00c9tats-Unis pour le d\u00e9veloppement international (USAID) et El Sewedy en tant que partenaire industriel a \u00e9t\u00e9 sign\u00e9, nous avons pris en collaboration \u00e9tapes rapides pour commencer \u00e0 \u00e9tablir l&#8217;\u00e9cole.<\/strong><\/span><\/p>\n<p style=\"text-align: left\"><span style=\"font-size: 14pt\"><strong><span style=\"color: #ff0000\"><em>Grand soutien du minist\u00e8re de l&#8217;\u00c9ducation<\/em><\/span><\/strong><\/span><\/p>\n<p style=\"text-align: left\"><span style=\"font-size: 14pt\"><strong><img loading=\"lazy\" decoding=\"async\" class=\"alignnone size-full wp-image-191566\" src=\"https:\/\/powernews.cc\/wp-content\/uploads\/2023\/06\/04899db3-91b9-4d8a-b6c5-cc2f3812ba67-scaled.jpg\" alt=\"\" width=\"533\" height=\"400\" srcset=\"https:\/\/powernews.cc\/wp-content\/uploads\/2023\/06\/04899db3-91b9-4d8a-b6c5-cc2f3812ba67-scaled.jpg?v=1687171199 533w, https:\/\/powernews.cc\/wp-content\/uploads\/2023\/06\/04899db3-91b9-4d8a-b6c5-cc2f3812ba67-300x225.jpg?v=1687171199 300w, https:\/\/powernews.cc\/wp-content\/uploads\/2023\/06\/04899db3-91b9-4d8a-b6c5-cc2f3812ba67-768x576.jpg?v=1687171199 768w, https:\/\/powernews.cc\/wp-content\/uploads\/2023\/06\/04899db3-91b9-4d8a-b6c5-cc2f3812ba67-45x35.jpg?v=1687171199 45w\" sizes=\"(max-width: 533px) 100vw, 533px\" \/><\/strong><\/span><\/p>\n<ol>\n<li style=\"text-align: left\"><span style=\"font-size: 14pt\"><strong>Emad a soulign\u00e9 l&#8217;importance du r\u00f4le jou\u00e9 par le minist\u00e8re de l&#8217;\u00c9ducation dans son soutien ind\u00e9fectible \u00e0 l&#8217;id\u00e9e depuis sa conception jusqu&#8217;\u00e0 ce qu&#8217;elle devienne une r\u00e9alit\u00e9 dans un court laps de temps, y compris son soutien pour surmonter les obstacles et les d\u00e9fis, offrant les installations n\u00e9cessaires qui pourraient accueillir 50 salles de classe conformes \u00e0 notre vision et \u00e0 nos sp\u00e9cifications, ainsi que leur flexibilit\u00e9 dans l&#8217;approbation des programmes et des cours con\u00e7us conform\u00e9ment aux normes de qualit\u00e9 internationales les plus \u00e9lev\u00e9es pour nous permettre d&#8217;atteindre notre objectif de pr\u00e9parer les dipl\u00f4m\u00e9s \u00e0 un march\u00e9 du travail qui suit le rythme du monde de la transformation num\u00e9rique et des technologies modernes.<\/strong><\/span><\/li>\n<\/ol>\n<p style=\"text-align: left\"><span style=\"font-size: 14pt\"><strong><span style=\"color: #ff0000\"><em>Services scolaires gratuits<\/em><\/span><\/strong><\/span><\/p>\n<p style=\"text-align: left\"><span style=\"font-size: 14pt\"><strong><img loading=\"lazy\" decoding=\"async\" class=\"alignnone size-full wp-image-191567\" src=\"https:\/\/powernews.cc\/wp-content\/uploads\/2023\/06\/e6fd506a-c01d-433e-8cf4-92f18d309b9c-scaled.jpg\" alt=\"\" width=\"533\" height=\"400\" srcset=\"https:\/\/powernews.cc\/wp-content\/uploads\/2023\/06\/e6fd506a-c01d-433e-8cf4-92f18d309b9c-scaled.jpg?v=1687171203 533w, https:\/\/powernews.cc\/wp-content\/uploads\/2023\/06\/e6fd506a-c01d-433e-8cf4-92f18d309b9c-300x225.jpg?v=1687171203 300w, https:\/\/powernews.cc\/wp-content\/uploads\/2023\/06\/e6fd506a-c01d-433e-8cf4-92f18d309b9c-768x576.jpg?v=1687171203 768w, https:\/\/powernews.cc\/wp-content\/uploads\/2023\/06\/e6fd506a-c01d-433e-8cf4-92f18d309b9c-45x35.jpg?v=1687171203 45w\" sizes=\"(max-width: 533px) 100vw, 533px\" \/><\/strong><\/span><\/p>\n<p>&nbsp;<\/p>\n<p style=\"text-align: left\"><span style=\"font-size: 14pt\"><strong>En outre, il a soulign\u00e9 que l&#8217;\u00e9cole tient \u00e0 fournir son service \u00e9ducatif gratuitement, cependant, l&#8217;admission ne serait autoris\u00e9e qu&#8217;aux \u00e9tudiants qui d\u00e9montrent une ma\u00eetrise exceptionnelle de l&#8217;anglais et des math\u00e9matiques. En retour, les \u00e9tudiants se verraient offrir la possibilit\u00e9 d&#8217;\u00e9tudier dans un environnement technologique qui suit le rythme des derniers d\u00e9veloppements mondiaux ainsi que d&#8217;acqu\u00e9rir les aptitudes et les comp\u00e9tences gr\u00e2ce \u00e0 la m\u00e9thodologie de l&#8217;enseignement technologique qui leur permettrait de trouver d&#8217;excellentes opportunit\u00e9s d&#8217;emploi dans des usines distingu\u00e9es, entreprises et institutions locales et internationales.<\/strong><\/span><\/p>\n<p style=\"text-align: left\"><span style=\"font-size: 14pt\"><strong><span style=\"color: #ff0000\"><em>Le programme scientifique con\u00e7u pour les \u00e9tudiants est pratique et sera enseign\u00e9 \u00e0 l&#8217;aide d&#8217;ordinateurs portables<\/em><\/span><\/strong><\/span><\/p>\n<p style=\"text-align: left\"><span style=\"font-size: 14pt\"><strong>Et pour simplifier le programme d&#8217;enseignement, qui se concentre fortement sur des projets pratiques plut\u00f4t que sur des connaissances th\u00e9oriques, les \u00e9tudiants sont chacun invit\u00e9s \u00e0 pr\u00e9parer un concept pour un projet qui aborde les probl\u00e8mes auxquels les gens sont confront\u00e9s dans leur vie quotidienne et comment ils contribueraient \u00e0 r\u00e9soudre ces probl\u00e8mes par l&#8217;adoption d&#8217;applications modernes. Les r\u00e9sultats de cette approche \u00e9ducative ont \u00e9t\u00e9 pr\u00e9sent\u00e9s au Dr Jill Biden lors de sa visite.<\/strong><\/span><\/p>\n<p style=\"text-align: left\"><span style=\"font-size: 14pt\"><strong>Certaines des applications les plus impressionnantes ont \u00e9t\u00e9 reconnues et r\u00e9compens\u00e9es pour leur ing\u00e9niosit\u00e9, comme l&#8217;application appel\u00e9e ( Salahly ), qui a remport\u00e9 le premier prix, qui offre des services de maintenance fiables \u00e0 ses utilisateurs, y compris des travaux de plomberie et d&#8217;\u00e9lectrification apr\u00e8s avoir expliqu\u00e9 le probl\u00e8me de l&#8217;utilisateur et accept\u00e9 de les honoraires avec le technicien. L&#8217;application permet \u00e9galement \u00e0 ses utilisateurs d&#8217;\u00e9valuer et d&#8217;\u00e9valuer les techniciens, garantissant ainsi un haut niveau de qualit\u00e9 dans le service fourni.<\/strong><\/span><\/p>\n<p style=\"text-align: left\"><span style=\"font-size: 14pt\"><strong>Une autre application impressionnante r\u00e9pond aux besoins des malentendants en les aidant dans leur communication quotidienne gr\u00e2ce \u00e0 la traduction de la langue des signes en texte \u00e9crit et vice versa en utilisant l&#8217;appareil photo d&#8217;un t\u00e9l\u00e9phone portable pour capturer les diff\u00e9rents signes.<\/strong><\/span><\/p>\n<p style=\"text-align: left\"><span style=\"font-size: 14pt\"><strong>Enfin, M. Emad El Sewedy a exprim\u00e9 son appr\u00e9ciation et sa joie pour la visite de la Premi\u00e8re Dame des \u00c9tats-Unis \u00e0 l&#8217;\u00e9cole car elle refl\u00e8te vraiment l&#8217;importance et le grand int\u00e9r\u00eat que les grands pays accordent \u00e0 l&#8217;\u00e9ducation et \u00e0 la technologie. Au cours de cette visite, le Dr Jill Biden a eu la chance de s&#8217;entretenir avec certains des \u00e9tudiants et enseignants d&#8217;El Sewedy International of Applied Technology and Software sur l&#8217;avenir de la programmation ainsi que sur leurs ambitions personnelles pour l&#8217;avenir. La Premi\u00e8re Dame des \u00c9tats-Unis et sa fille ont \u00e9galement gracieusement particip\u00e9 \u00e0 certaines des activit\u00e9s parascolaires organis\u00e9es pour la journ\u00e9e avec l&#8217;ambassadeur des \u00c9tats-Unis en \u00c9gypte, ce qui r\u00e9sume magnifiquement le d\u00e9roulement de la journ\u00e9e et d\u00e9montre vraiment l&#8217;impression positive que le Dr Biden et son entourage ont eue. de l&#8217;\u00e9cole, de sa vision et de ses \u00e9tudiants brillants d&#8217;esprit<\/strong><\/span><\/p>\n<div class=\"6fa89ed7dfaa45a2934d60b25e7058c9\" data-index=\"3\" style=\"float: none; margin:10px 0 10px 0; text-align:center;\">\n<script async src=\"\/\/pagead2.googlesyndication.com\/pagead\/js\/adsbygoogle.js\"><\/script>\r\n<ins class=\"adsbygoogle\"\r\n     style=\"display:block; text-align:center;\"\r\n     data-ad-layout=\"in-article\"\r\n     data-ad-format=\"fluid\"\r\n     data-ad-client=\"ca-pub-4174298233883863\"\r\n     data-ad-slot=\"9547968951\"><\/ins>\r\n<script>\r\n     (adsbygoogle = window.adsbygoogle || []).push({});\r\n<\/script>\r\n\n<\/div>\n\n<div style=\"font-size: 0px; height: 0px; line-height: 0px; margin: 0; padding: 0; clear: both;\"><\/div>","protected":false},"excerpt":{"rendered":"<p>Il y a quelques jours, la Premi\u00e8re Dame am\u00e9ricaine, le Dr Jill Biden, s&#8217;est rendue en \u00c9gypte. Ce qui a attir\u00e9 l&#8217;attention de la plupart des observateurs lors de la visite officielle de la Premi\u00e8re Dame des \u00c9tats-Unis en \u00c9gypte, c&#8217;est le fait qu&#8217;\u00e0 son ordre du jour figurait une visite \u00e0 l&#8217; \u00c9cole internationale [&hellip;]<\/p>\n","protected":false},"author":6,"featured_media":191564,"comment_status":"open","ping_status":"open","sticky":false,"template":"","format":"standard","meta":{"footnotes":""},"categories":[2,98,1065],"tags":[],"yoast_head":"<!-- This site is optimized with the Yoast SEO plugin v21.6 - https:\/\/yoast.com\/wordpress\/plugins\/seo\/ -->\n<title>Industriel, ing. Emad El Sewedy, parle de l&#039;\u00e9cole internationale El Sewedy de technologie appliqu\u00e9e et de logiciels, et de ce que la premi\u00e8re dame am\u00e9ricaine a dit lors de sa visite - \u062c\u0631\u064a\u062f\u0629 \u0628\u0627\u0648\u0631 \u0646\u064a\u0648\u0632 \u0627\u0644\u0627\u062e\u0628\u0627\u0631\u064a\u0629<\/title>\n<meta name=\"robots\" content=\"index, follow, max-snippet:-1, max-image-preview:large, max-video-preview:-1\" \/>\n<link rel=\"canonical\" href=\"https:\/\/powernews.cc\/?p=191539\" \/>\n<meta property=\"og:locale\" content=\"ar_AR\" \/>\n<meta property=\"og:type\" content=\"article\" \/>\n<meta property=\"og:title\" content=\"Industriel, ing. Emad El Sewedy, parle de l&#039;\u00e9cole internationale El Sewedy de technologie appliqu\u00e9e et de logiciels, et de ce que la premi\u00e8re dame am\u00e9ricaine a dit lors de sa visite - \u062c\u0631\u064a\u062f\u0629 \u0628\u0627\u0648\u0631 \u0646\u064a\u0648\u0632 \u0627\u0644\u0627\u062e\u0628\u0627\u0631\u064a\u0629\" \/>\n<meta property=\"og:description\" content=\"Il y a quelques jours, la Premi\u00e8re Dame am\u00e9ricaine, le Dr Jill Biden, s&#8217;est rendue en \u00c9gypte. Ce qui a attir\u00e9 l&#8217;attention de la plupart des observateurs lors de la visite officielle de la Premi\u00e8re Dame des \u00c9tats-Unis en \u00c9gypte, c&#8217;est le fait qu&#8217;\u00e0 son ordre du jour figurait une visite \u00e0 l&#8217; \u00c9cole internationale [&hellip;]\" \/>\n<meta property=\"og:url\" content=\"https:\/\/powernews.cc\/?p=191539\" \/>\n<meta property=\"og:site_name\" content=\"\u062c\u0631\u064a\u062f\u0629 \u0628\u0627\u0648\u0631 \u0646\u064a\u0648\u0632 \u0627\u0644\u0627\u062e\u0628\u0627\u0631\u064a\u0629\" \/>\n<meta property=\"article:published_time\" content=\"2023-06-19T10:42:24+00:00\" \/>\n<meta property=\"article:modified_time\" content=\"2023-06-19T10:42:49+00:00\" \/>\n<meta property=\"og:image\" content=\"https:\/\/powernews.cc\/wp-content\/uploads\/2023\/06\/390a0d14-bb59-4bd5-99f4-abfb1ff6bd11-scaled.jpg?v=1687171191\" \/>\n\t<meta property=\"og:image:width\" content=\"533\" \/>\n\t<meta property=\"og:image:height\" content=\"400\" \/>\n\t<meta property=\"og:image:type\" content=\"image\/jpeg\" \/>\n<meta name=\"author\" content=\"Abdelrahman Saleh\" \/>\n<meta name=\"twitter:card\" content=\"summary_large_image\" \/>\n<meta name=\"twitter:label1\" content=\"\u0643\u064f\u062a\u0628 \u0628\u0648\u0627\u0633\u0637\u0629\" \/>\n\t<meta name=\"twitter:data1\" content=\"Abdelrahman Saleh\" \/>\n\t<meta name=\"twitter:label2\" content=\"\u0648\u0642\u062a \u0627\u0644\u0642\u0631\u0627\u0621\u0629 \u0627\u0644\u0645\u064f\u0642\u062f\u0651\u0631\" \/>\n\t<meta name=\"twitter:data2\" content=\"7 \u062f\u0642\u0627\u0626\u0642\" \/>\n<script type=\"application\/ld+json\" class=\"yoast-schema-graph\">{\"@context\":\"https:\/\/schema.org\",\"@graph\":[{\"@type\":\"WebPage\",\"@id\":\"https:\/\/powernews.cc\/?p=191539\",\"url\":\"https:\/\/powernews.cc\/?p=191539\",\"name\":\"Industriel, ing. Emad El Sewedy, parle de l'\u00e9cole internationale El Sewedy de technologie appliqu\u00e9e et de logiciels, et de ce que la premi\u00e8re dame am\u00e9ricaine a dit lors de sa visite - \u062c\u0631\u064a\u062f\u0629 \u0628\u0627\u0648\u0631 \u0646\u064a\u0648\u0632 \u0627\u0644\u0627\u062e\u0628\u0627\u0631\u064a\u0629\",\"isPartOf\":{\"@id\":\"https:\/\/powernews.cc\/#website\"},\"datePublished\":\"2023-06-19T10:42:24+00:00\",\"dateModified\":\"2023-06-19T10:42:49+00:00\",\"author\":{\"@id\":\"https:\/\/powernews.cc\/#\/schema\/person\/03f43c179de533a6d46c779ab7476035\"},\"breadcrumb\":{\"@id\":\"https:\/\/powernews.cc\/?p=191539#breadcrumb\"},\"inLanguage\":\"ar\",\"potentialAction\":[{\"@type\":\"ReadAction\",\"target\":[\"https:\/\/powernews.cc\/?p=191539\"]}]},{\"@type\":\"BreadcrumbList\",\"@id\":\"https:\/\/powernews.cc\/?p=191539#breadcrumb\",\"itemListElement\":[{\"@type\":\"ListItem\",\"position\":1,\"name\":\"Home\",\"item\":\"https:\/\/powernews.cc\/\"},{\"@type\":\"ListItem\",\"position\":2,\"name\":\"Industriel, ing. Emad El Sewedy, parle de l&#8217;\u00e9cole internationale El Sewedy de technologie appliqu\u00e9e et de logiciels, et de ce que la premi\u00e8re dame am\u00e9ricaine a dit lors de sa visite\"}]},{\"@type\":\"WebSite\",\"@id\":\"https:\/\/powernews.cc\/#website\",\"url\":\"https:\/\/powernews.cc\/\",\"name\":\"\u062c\u0631\u064a\u062f\u0629 \u0628\u0627\u0648\u0631 \u0646\u064a\u0648\u0632 \u0627\u0644\u0627\u062e\u0628\u0627\u0631\u064a\u0629\",\"description\":\"\",\"potentialAction\":[{\"@type\":\"SearchAction\",\"target\":{\"@type\":\"EntryPoint\",\"urlTemplate\":\"https:\/\/powernews.cc\/?s={search_term_string}\"},\"query-input\":\"required name=search_term_string\"}],\"inLanguage\":\"ar\"},{\"@type\":\"Person\",\"@id\":\"https:\/\/powernews.cc\/#\/schema\/person\/03f43c179de533a6d46c779ab7476035\",\"name\":\"Abdelrahman Saleh\",\"image\":{\"@type\":\"ImageObject\",\"inLanguage\":\"ar\",\"@id\":\"https:\/\/powernews.cc\/#\/schema\/person\/image\/\",\"url\":\"https:\/\/secure.gravatar.com\/avatar\/b1090f122b6dc6c71bc1437f62da761f?s=96&d=mm&r=g\",\"contentUrl\":\"https:\/\/secure.gravatar.com\/avatar\/b1090f122b6dc6c71bc1437f62da761f?s=96&d=mm&r=g\",\"caption\":\"Abdelrahman Saleh\"},\"url\":\"https:\/\/powernews.cc\/?author=6\"}]}<\/script>\n<!-- \/ Yoast SEO plugin. -->","yoast_head_json":{"title":"Industriel, ing. Emad El Sewedy, parle de l'\u00e9cole internationale El Sewedy de technologie appliqu\u00e9e et de logiciels, et de ce que la premi\u00e8re dame am\u00e9ricaine a dit lors de sa visite - \u062c\u0631\u064a\u062f\u0629 \u0628\u0627\u0648\u0631 \u0646\u064a\u0648\u0632 \u0627\u0644\u0627\u062e\u0628\u0627\u0631\u064a\u0629","robots":{"index":"index","follow":"follow","max-snippet":"max-snippet:-1","max-image-preview":"max-image-preview:large","max-video-preview":"max-video-preview:-1"},"canonical":"https:\/\/powernews.cc\/?p=191539","og_locale":"ar_AR","og_type":"article","og_title":"Industriel, ing. Emad El Sewedy, parle de l'\u00e9cole internationale El Sewedy de technologie appliqu\u00e9e et de logiciels, et de ce que la premi\u00e8re dame am\u00e9ricaine a dit lors de sa visite - \u062c\u0631\u064a\u062f\u0629 \u0628\u0627\u0648\u0631 \u0646\u064a\u0648\u0632 \u0627\u0644\u0627\u062e\u0628\u0627\u0631\u064a\u0629","og_description":"Il y a quelques jours, la Premi\u00e8re Dame am\u00e9ricaine, le Dr Jill Biden, s&#8217;est rendue en \u00c9gypte. Ce qui a attir\u00e9 l&#8217;attention de la plupart des observateurs lors de la visite officielle de la Premi\u00e8re Dame des \u00c9tats-Unis en \u00c9gypte, c&#8217;est le fait qu&#8217;\u00e0 son ordre du jour figurait une visite \u00e0 l&#8217; \u00c9cole internationale [&hellip;]","og_url":"https:\/\/powernews.cc\/?p=191539","og_site_name":"\u062c\u0631\u064a\u062f\u0629 \u0628\u0627\u0648\u0631 \u0646\u064a\u0648\u0632 \u0627\u0644\u0627\u062e\u0628\u0627\u0631\u064a\u0629","article_published_time":"2023-06-19T10:42:24+00:00","article_modified_time":"2023-06-19T10:42:49+00:00","og_image":[{"width":533,"height":400,"url":"https:\/\/powernews.cc\/wp-content\/uploads\/2023\/06\/390a0d14-bb59-4bd5-99f4-abfb1ff6bd11-scaled.jpg?v=1687171191","type":"image\/jpeg"}],"author":"Abdelrahman Saleh","twitter_card":"summary_large_image","twitter_misc":{"\u0643\u064f\u062a\u0628 \u0628\u0648\u0627\u0633\u0637\u0629":"Abdelrahman Saleh","\u0648\u0642\u062a \u0627\u0644\u0642\u0631\u0627\u0621\u0629 \u0627\u0644\u0645\u064f\u0642\u062f\u0651\u0631":"7 \u062f\u0642\u0627\u0626\u0642"},"schema":{"@context":"https:\/\/schema.org","@graph":[{"@type":"WebPage","@id":"https:\/\/powernews.cc\/?p=191539","url":"https:\/\/powernews.cc\/?p=191539","name":"Industriel, ing. Emad El Sewedy, parle de l'\u00e9cole internationale El Sewedy de technologie appliqu\u00e9e et de logiciels, et de ce que la premi\u00e8re dame am\u00e9ricaine a dit lors de sa visite - \u062c\u0631\u064a\u062f\u0629 \u0628\u0627\u0648\u0631 \u0646\u064a\u0648\u0632 \u0627\u0644\u0627\u062e\u0628\u0627\u0631\u064a\u0629","isPartOf":{"@id":"https:\/\/powernews.cc\/#website"},"datePublished":"2023-06-19T10:42:24+00:00","dateModified":"2023-06-19T10:42:49+00:00","author":{"@id":"https:\/\/powernews.cc\/#\/schema\/person\/03f43c179de533a6d46c779ab7476035"},"breadcrumb":{"@id":"https:\/\/powernews.cc\/?p=191539#breadcrumb"},"inLanguage":"ar","potentialAction":[{"@type":"ReadAction","target":["https:\/\/powernews.cc\/?p=191539"]}]},{"@type":"BreadcrumbList","@id":"https:\/\/powernews.cc\/?p=191539#breadcrumb","itemListElement":[{"@type":"ListItem","position":1,"name":"Home","item":"https:\/\/powernews.cc\/"},{"@type":"ListItem","position":2,"name":"Industriel, ing. Emad El Sewedy, parle de l&#8217;\u00e9cole internationale El Sewedy de technologie appliqu\u00e9e et de logiciels, et de ce que la premi\u00e8re dame am\u00e9ricaine a dit lors de sa visite"}]},{"@type":"WebSite","@id":"https:\/\/powernews.cc\/#website","url":"https:\/\/powernews.cc\/","name":"\u062c\u0631\u064a\u062f\u0629 \u0628\u0627\u0648\u0631 \u0646\u064a\u0648\u0632 \u0627\u0644\u0627\u062e\u0628\u0627\u0631\u064a\u0629","description":"","potentialAction":[{"@type":"SearchAction","target":{"@type":"EntryPoint","urlTemplate":"https:\/\/powernews.cc\/?s={search_term_string}"},"query-input":"required name=search_term_string"}],"inLanguage":"ar"},{"@type":"Person","@id":"https:\/\/powernews.cc\/#\/schema\/person\/03f43c179de533a6d46c779ab7476035","name":"Abdelrahman Saleh","image":{"@type":"ImageObject","inLanguage":"ar","@id":"https:\/\/powernews.cc\/#\/schema\/person\/image\/","url":"https:\/\/secure.gravatar.com\/avatar\/b1090f122b6dc6c71bc1437f62da761f?s=96&d=mm&r=g","contentUrl":"https:\/\/secure.gravatar.com\/avatar\/b1090f122b6dc6c71bc1437f62da761f?s=96&d=mm&r=g","caption":"Abdelrahman Saleh"},"url":"https:\/\/powernews.cc\/?author=6"}]}},"jetpack_featured_media_url":"https:\/\/powernews.cc\/wp-content\/uploads\/2023\/06\/390a0d14-bb59-4bd5-99f4-abfb1ff6bd11-scaled.jpg?v=1687171191","_links":{"self":[{"href":"https:\/\/powernews.cc\/index.php?rest_route=\/wp\/v2\/posts\/191539"}],"collection":[{"href":"https:\/\/powernews.cc\/index.php?rest_route=\/wp\/v2\/posts"}],"about":[{"href":"https:\/\/powernews.cc\/index.php?rest_route=\/wp\/v2\/types\/post"}],"author":[{"embeddable":true,"href":"https:\/\/powernews.cc\/index.php?rest_route=\/wp\/v2\/users\/6"}],"replies":[{"embeddable":true,"href":"https:\/\/powernews.cc\/index.php?rest_route=%2Fwp%2Fv2%2Fcomments&post=191539"}],"version-history":[{"count":2,"href":"https:\/\/powernews.cc\/index.php?rest_route=\/wp\/v2\/posts\/191539\/revisions"}],"predecessor-version":[{"id":191569,"href":"https:\/\/powernews.cc\/index.php?rest_route=\/wp\/v2\/posts\/191539\/revisions\/191569"}],"wp:featuredmedia":[{"embeddable":true,"href":"https:\/\/powernews.cc\/index.php?rest_route=\/wp\/v2\/media\/191564"}],"wp:attachment":[{"href":"https:\/\/powernews.cc\/index.php?rest_route=%2Fwp%2Fv2%2Fmedia&parent=191539"}],"wp:term":[{"taxonomy":"category","embeddable":true,"href":"https:\/\/powernews.cc\/index.php?rest_route=%2Fwp%2Fv2%2Fcategories&post=191539"},{"taxonomy":"post_tag","embeddable":true,"href":"https:\/\/powernews.cc\/index.php?rest_route=%2Fwp%2Fv2%2Ftags&post=191539"}],"curies":[{"name":"wp","href":"https:\/\/api.w.org\/{rel}","templated":true}]}}